{"id":3567,"date":"2020-10-23T15:12:04","date_gmt":"2020-10-23T15:12:04","guid":{"rendered":"https:\/\/megafm.com.uy\/web\/2020\/10\/23\/dia-del-ninos-2021-en-mega-fm\/"},"modified":"2020-10-23T15:12:04","modified_gmt":"2020-10-23T15:12:04","slug":"dia-del-ninos-2021-en-mega-fm","status":"publish","type":"post","link":"https:\/\/megafm.com.uy\/web\/dia-del-ninos-2021-en-mega-fm\/","title":{"rendered":"D\u00eda del ni\u00f1os 2021 en Mega FM"},"content":{"rendered":"<p><img loading=\"lazy\" decoding=\"async\" class=\" size-full wp-image-3566\" src=\"https:\/\/megafm.com.uy\/web\/wp-content\/uploads\/2020\/10\/nino21.jpg\" alt=\"\" width=\"477\" height=\"215\" srcset=\"https:\/\/megafm.com.uy\/web\/wp-content\/uploads\/2020\/10\/nino21.jpg 1734w, https:\/\/megafm.com.uy\/web\/wp-content\/uploads\/2020\/10\/nino21-300x135.jpg 300w, https:\/\/megafm.com.uy\/web\/wp-content\/uploads\/2020\/10\/nino21-1024x462.jpg 1024w, https:\/\/megafm.com.uy\/web\/wp-content\/uploads\/2020\/10\/nino21-768x346.jpg 768w, https:\/\/megafm.com.uy\/web\/wp-content\/uploads\/2020\/10\/nino21-1536x693.jpg 1536w\" sizes=\"auto, (max-width: 477px) 100vw, 477px\" \/><\/p>\n<p>El d\u00eda del ni\u00f1o 2021 lo vivimos en las calles vergarenses, se uni\u00f3 al grupo de Mega FM los jovenes rurales, cientos de regalos de comercios, vecinos y colaboradores.<\/p>\n<p><a href=\"https:\/\/www.facebook.com\/media\/set\/?set=a.1919214741590818&amp;type=3\" target=\"_blank\" rel=\"noopener noreferrer\">\u00a0Ver fotos<\/a><\/p>\n<p>\u00a0<\/p>\n<p>\u00a0<\/p>\n<p>\u00a0<\/p>\n<p>\u00a0<\/p>\n<p>\u00a0<\/p>\n","protected":false},"excerpt":{"rendered":"<p>El d\u00eda del ni\u00f1o 2021 lo vivimos en las calles vergarenses, se uni\u00f3 al grupo de Mega FM los jovenes rurales, cientos de regalos de comercios, vecinos y colaboradores. \u00a0Ver fotos \u00a0 \u00a0 \u00a0 \u00a0 \u00a0<\/p>\n","protected":false},"author":1,"featured_media":3566,"comment_status":"open","ping_status":"open","sticky":false,"template":"","format":"standard","meta":{"pagelayer_contact_templates":[],"_pagelayer_content":"","footnotes":""},"categories":[116],"tags":[],"class_list":["post-3567","post","type-post","status-publish","format-standard","has-post-thumbnail","hentry","category-actividades-mega-fm"],"_links":{"self":[{"href":"https:\/\/megafm.com.uy\/web\/wp-json\/wp\/v2\/posts\/3567","targetHints":{"allow":["GET"]}}],"collection":[{"href":"https:\/\/megafm.com.uy\/web\/wp-json\/wp\/v2\/posts"}],"about":[{"href":"https:\/\/megafm.com.uy\/web\/wp-json\/wp\/v2\/types\/post"}],"author":[{"embeddable":true,"href":"https:\/\/megafm.com.uy\/web\/wp-json\/wp\/v2\/users\/1"}],"replies":[{"embeddable":true,"href":"https:\/\/megafm.com.uy\/web\/wp-json\/wp\/v2\/comments?post=3567"}],"version-history":[{"count":0,"href":"https:\/\/megafm.com.uy\/web\/wp-json\/wp\/v2\/posts\/3567\/revisions"}],"wp:featuredmedia":[{"embeddable":true,"href":"https:\/\/megafm.com.uy\/web\/wp-json\/wp\/v2\/media\/3566"}],"wp:attachment":[{"href":"https:\/\/megafm.com.uy\/web\/wp-json\/wp\/v2\/media?parent=3567"}],"wp:term":[{"taxonomy":"category","embeddable":true,"href":"https:\/\/megafm.com.uy\/web\/wp-json\/wp\/v2\/categories?post=3567"},{"taxonomy":"post_tag","embeddable":true,"href":"https:\/\/megafm.com.uy\/web\/wp-json\/wp\/v2\/tags?post=3567"}],"curies":[{"name":"wp","href":"https:\/\/api.w.org\/{rel}","templated":true}]}}