{"id":7360,"date":"2026-04-28T19:27:16","date_gmt":"2026-04-28T22:27:16","guid":{"rendered":"https:\/\/megafm.com.uy\/web\/?p=7360"},"modified":"2026-04-28T19:27:32","modified_gmt":"2026-04-28T22:27:32","slug":"catherine-vergnes-la-resistencia-del-folclore-y-su-vivencia-en-el-festival-del-olimar-mega-fm-91-9-vergara-identidades-2026","status":"publish","type":"post","link":"https:\/\/megafm.com.uy\/web\/catherine-vergnes-la-resistencia-del-folclore-y-su-vivencia-en-el-festival-del-olimar-mega-fm-91-9-vergara-identidades-2026\/","title":{"rendered":"Catherine Vergnes &#8211; La resistencia del folclore y su vivencia en el Festival del Olimar &#8211; Mega FM 91.9 Vergara &#8211; Identidades 2026"},"content":{"rendered":"<p><img loading=\"lazy\" decoding=\"async\" class=\"size-medium wp-image-7361 alignleft\" src=\"https:\/\/megafm.com.uy\/web\/wp-content\/uploads\/2026\/04\/catherine-vergnes-300x181.png\" alt=\"\" width=\"300\" height=\"181\" srcset=\"https:\/\/megafm.com.uy\/web\/wp-content\/uploads\/2026\/04\/catherine-vergnes-300x181.png 300w, https:\/\/megafm.com.uy\/web\/wp-content\/uploads\/2026\/04\/catherine-vergnes-1024x617.png 1024w, https:\/\/megafm.com.uy\/web\/wp-content\/uploads\/2026\/04\/catherine-vergnes-768x463.png 768w, https:\/\/megafm.com.uy\/web\/wp-content\/uploads\/2026\/04\/catherine-vergnes.png 1074w\" sizes=\"auto, (max-width: 300px) 100vw, 300px\" \/>\u00a0La quinta emisi\u00f3n del ciclo musical de Identidades se centr\u00f3 en la figura de la mujer en el folclore contempor\u00e1neo y la preservaci\u00f3n del canto nacional en los grandes escenarios. El programa busc\u00f3 destacar la trayectoria de artistas que act\u00faan como puente generacional, combinando la formaci\u00f3n profesional (psicolog\u00eda) con la producci\u00f3n cultural independiente.<\/p>\n<h4><\/h4>\n<h4><\/h4>\n<h4><\/h4>\n<h4><u>Perfil de la Artista y Trayectoria<\/u><\/h4>\n<ul>\n<li>Protagonista: Catherine Vergnes.<\/li>\n<li>Rese\u00f1a: Nacida en Paysand\u00fa (1996), psic\u00f3loga y productora independiente, conocida como \u201cLa sonrisa del Folclore\u201d. Se destac\u00f3 su palmar\u00e9s, incluyendo el Charr\u00faa de Oro (2022) y el Premio Graffiti a Mejor \u00c1lbum de Folklore. Se subray\u00f3 su rol como puente cultural, con m\u00e1s de 1.5 millones de seguidores, y su discograf\u00eda (Cautivante, Soy Campera, Refugio), con especial \u00e9nfasis en su trabajo de reinterpretaci\u00f3n de cl\u00e1sicos desde una mirada femenina.<\/li>\n<\/ul>\n<h4><u>Entrevista Exclusiva \u2013 Festival del Olimar 2026<\/u><\/h4>\n<ul>\n<li>Tem\u00e1tica: La resistencia del folclore y la preparaci\u00f3n del artista.<\/li>\n<li>Notas del informe: Entrevista realizada en el coraz\u00f3n del Festival del Olimar. La artista comparti\u00f3 una reflexi\u00f3n profunda sobre la situaci\u00f3n actual del g\u00e9nero, planteando la necesidad de que los folcloristas \u00abresistan\u00bb para mantener su espacio en los escenarios principales frente a otros g\u00e9neros emergentes. Asimismo, describi\u00f3 la vivencia emocional previa al show, utilizando la met\u00e1fora criolla de \u00abpingo en la gatera\u00bb para explicar la ansiedad y el respeto que siente por el p\u00fablico olimare\u00f1o.<\/li>\n<\/ul>\n<h4><u>Impacto Educativo y Cultural<\/u><\/h4>\n<ul>\n<li>Proyecto destacado: \u00abGuitarreando\u00bb.<\/li>\n<li>Notas del informe: Se puso en valor su iniciativa educativa que recorre centros de ense\u00f1anza en todo el pa\u00eds. El segmento resalt\u00f3 c\u00f3mo el proyecto promueve la identidad cultural y el amor por las ra\u00edces en ni\u00f1os y j\u00f3venes, aline\u00e1ndose con los objetivos de este ciclo radial de fortalecer el sentido de pertenencia a trav\u00e9s de la m\u00fasica.<\/li>\n<\/ul>\n<h3><u>Conclusi\u00f3n de la Jornada<\/u><\/h3>\n<p>El programa logr\u00f3 documentar la vigencia del folclore en las nuevas generaciones. La combinaci\u00f3n de la narrativa biogr\u00e1fica con la entrevista en el lugar de los hechos (Festival del Olimar) cumpli\u00f3 con los est\u00e1ndares de producci\u00f3n de campo previstos en el proyecto, aportando un testimonio de alto valor cultural sobre la identidad nacional actual.<\/p>\n<p>&nbsp;<\/p>\n<hr \/>\n<div class=\"lyte-wrapper fourthree\" style=\"width:420px;max-width:100%;margin:5px;\"><div class=\"lyMe\" id=\"WYL_5w9JTqrke0U\"><div id=\"lyte_5w9JTqrke0U\" data-src=\"\/\/i.ytimg.com\/vi\/5w9JTqrke0U\/hqdefault.jpg\" class=\"pL\"><div class=\"tC\"><div class=\"tT\"><\/div><\/div><div class=\"play\"><\/div><div class=\"ctrl\"><div class=\"Lctrl\"><\/div><div class=\"Rctrl\"><\/div><\/div><\/div><noscript><a href=\"https:\/\/youtu.be\/5w9JTqrke0U\" rel=\"nofollow\"><img loading=\"lazy\" decoding=\"async\" src=\"https:\/\/i.ytimg.com\/vi\/5w9JTqrke0U\/0.jpg\" alt=\"YouTube video thumbnail\" width=\"420\" height=\"295\" \/><br \/>Ver este v\u00eddeo en YouTube<\/a><\/noscript><\/div><\/div><div class=\"lL\" style=\"max-width:100%;width:420px;margin:5px;\"><\/div>\n","protected":false},"excerpt":{"rendered":"<p>\u00a0La quinta emisi\u00f3n del ciclo musical de Identidades se centr\u00f3 en la figura de la mujer en el folclore contempor\u00e1neo y la preservaci\u00f3n del canto nacional en los grandes escenarios. El programa busc\u00f3 destacar la trayectoria de artistas que act\u00faan como puente generacional, combinando la formaci\u00f3n profesional (psicolog\u00eda) con la producci\u00f3n cultural independiente. Perfil de [&hellip;]<\/p>\n","protected":false},"author":1,"featured_media":7361,"comment_status":"open","ping_status":"open","sticky":false,"template":"","format":"standard","meta":{"pagelayer_contact_templates":[],"_pagelayer_content":"","footnotes":""},"categories":[162],"tags":[],"class_list":["post-7360","post","type-post","status-publish","format-standard","has-post-thumbnail","hentry","category-identidades-musical"],"_links":{"self":[{"href":"https:\/\/megafm.com.uy\/web\/wp-json\/wp\/v2\/posts\/7360","targetHints":{"allow":["GET"]}}],"collection":[{"href":"https:\/\/megafm.com.uy\/web\/wp-json\/wp\/v2\/posts"}],"about":[{"href":"https:\/\/megafm.com.uy\/web\/wp-json\/wp\/v2\/types\/post"}],"author":[{"embeddable":true,"href":"https:\/\/megafm.com.uy\/web\/wp-json\/wp\/v2\/users\/1"}],"replies":[{"embeddable":true,"href":"https:\/\/megafm.com.uy\/web\/wp-json\/wp\/v2\/comments?post=7360"}],"version-history":[{"count":1,"href":"https:\/\/megafm.com.uy\/web\/wp-json\/wp\/v2\/posts\/7360\/revisions"}],"predecessor-version":[{"id":7362,"href":"https:\/\/megafm.com.uy\/web\/wp-json\/wp\/v2\/posts\/7360\/revisions\/7362"}],"wp:featuredmedia":[{"embeddable":true,"href":"https:\/\/megafm.com.uy\/web\/wp-json\/wp\/v2\/media\/7361"}],"wp:attachment":[{"href":"https:\/\/megafm.com.uy\/web\/wp-json\/wp\/v2\/media?parent=7360"}],"wp:term":[{"taxonomy":"category","embeddable":true,"href":"https:\/\/megafm.com.uy\/web\/wp-json\/wp\/v2\/categories?post=7360"},{"taxonomy":"post_tag","embeddable":true,"href":"https:\/\/megafm.com.uy\/web\/wp-json\/wp\/v2\/tags?post=7360"}],"curies":[{"name":"wp","href":"https:\/\/api.w.org\/{rel}","templated":true}]}}