{"id":7363,"date":"2026-04-29T09:59:08","date_gmt":"2026-04-29T12:59:08","guid":{"rendered":"https:\/\/megafm.com.uy\/web\/?p=7363"},"modified":"2026-04-29T09:59:08","modified_gmt":"2026-04-29T12:59:08","slug":"maria-jose-fraga-representante-de-asepo-indetectable-intransmisible-y-descentralizacion-del-testeo-mega-fm-91-9-vergara-identidades-2026","status":"publish","type":"post","link":"https:\/\/megafm.com.uy\/web\/maria-jose-fraga-representante-de-asepo-indetectable-intransmisible-y-descentralizacion-del-testeo-mega-fm-91-9-vergara-identidades-2026\/","title":{"rendered":"Mar\u00eda Jos\u00e9 Fraga (Representante de ASEPO) \u00abIndetectable = Intransmisible\u00bb y descentralizaci\u00f3n del testeo &#8211; Mega FM 91.9 Vergara &#8211; Identidades 2026"},"content":{"rendered":"<p><img loading=\"lazy\" decoding=\"async\" class=\"size-medium wp-image-7351 alignleft\" src=\"https:\/\/megafm.com.uy\/web\/wp-content\/uploads\/2026\/04\/asepo-300x143.jpg\" alt=\"\" width=\"300\" height=\"143\" srcset=\"https:\/\/megafm.com.uy\/web\/wp-content\/uploads\/2026\/04\/asepo-300x143.jpg 300w, https:\/\/megafm.com.uy\/web\/wp-content\/uploads\/2026\/04\/asepo-1024x488.jpg 1024w, https:\/\/megafm.com.uy\/web\/wp-content\/uploads\/2026\/04\/asepo-768x366.jpg 768w, https:\/\/megafm.com.uy\/web\/wp-content\/uploads\/2026\/04\/asepo-1536x733.jpg 1536w, https:\/\/megafm.com.uy\/web\/wp-content\/uploads\/2026\/04\/asepo.jpg 1912w\" sizes=\"auto, (max-width: 300px) 100vw, 300px\" \/>Se abord\u00f3 el concepto biom\u00e9dico de que una persona en tratamiento con carga viral indetectable no transmite el virus. Se inform\u00f3 sobre la importancia de los testeos r\u00e1pidos (resultados en 10 minutos) y la necesidad de \u00abdesmedicalizar\u00bb el diagn\u00f3stico para acercarlo a la comunidad, eliminando barreras burocr\u00e1ticas y estigmas sociales.<\/p>\n<p>&nbsp;<\/p>\n<p>&nbsp;<\/p>\n<p>&nbsp;<\/p>\n<hr \/>\n<div class=\"lyte-wrapper fourthree\" style=\"width:420px;max-width:100%;margin:5px;\"><div class=\"lyMe\" id=\"WYL_aG1rYTs0lWQ\"><div id=\"lyte_aG1rYTs0lWQ\" data-src=\"\/\/i.ytimg.com\/vi\/aG1rYTs0lWQ\/hqdefault.jpg\" class=\"pL\"><div class=\"tC\"><div class=\"tT\"><\/div><\/div><div class=\"play\"><\/div><div class=\"ctrl\"><div class=\"Lctrl\"><\/div><div class=\"Rctrl\"><\/div><\/div><\/div><noscript><a href=\"https:\/\/youtu.be\/aG1rYTs0lWQ\" rel=\"nofollow\"><img loading=\"lazy\" decoding=\"async\" src=\"https:\/\/i.ytimg.com\/vi\/aG1rYTs0lWQ\/0.jpg\" alt=\"YouTube video thumbnail\" width=\"420\" height=\"295\" \/><br \/>Ver este v\u00eddeo en YouTube<\/a><\/noscript><\/div><\/div><div class=\"lL\" style=\"max-width:100%;width:420px;margin:5px;\"><\/div>\n","protected":false},"excerpt":{"rendered":"<p>Se abord\u00f3 el concepto biom\u00e9dico de que una persona en tratamiento con carga viral indetectable no transmite el virus. Se inform\u00f3 sobre la importancia de los testeos r\u00e1pidos (resultados en 10 minutos) y la necesidad de \u00abdesmedicalizar\u00bb el diagn\u00f3stico para acercarlo a la comunidad, eliminando barreras burocr\u00e1ticas y estigmas sociales. &nbsp; &nbsp; &nbsp; Ver este [&hellip;]<\/p>\n","protected":false},"author":1,"featured_media":7351,"comment_status":"open","ping_status":"open","sticky":false,"template":"","format":"standard","meta":{"pagelayer_contact_templates":[],"_pagelayer_content":"","footnotes":""},"categories":[161],"tags":[],"class_list":["post-7363","post","type-post","status-publish","format-standard","has-post-thumbnail","hentry","category-identidades-socio-cultural"],"_links":{"self":[{"href":"https:\/\/megafm.com.uy\/web\/wp-json\/wp\/v2\/posts\/7363","targetHints":{"allow":["GET"]}}],"collection":[{"href":"https:\/\/megafm.com.uy\/web\/wp-json\/wp\/v2\/posts"}],"about":[{"href":"https:\/\/megafm.com.uy\/web\/wp-json\/wp\/v2\/types\/post"}],"author":[{"embeddable":true,"href":"https:\/\/megafm.com.uy\/web\/wp-json\/wp\/v2\/users\/1"}],"replies":[{"embeddable":true,"href":"https:\/\/megafm.com.uy\/web\/wp-json\/wp\/v2\/comments?post=7363"}],"version-history":[{"count":1,"href":"https:\/\/megafm.com.uy\/web\/wp-json\/wp\/v2\/posts\/7363\/revisions"}],"predecessor-version":[{"id":7364,"href":"https:\/\/megafm.com.uy\/web\/wp-json\/wp\/v2\/posts\/7363\/revisions\/7364"}],"wp:featuredmedia":[{"embeddable":true,"href":"https:\/\/megafm.com.uy\/web\/wp-json\/wp\/v2\/media\/7351"}],"wp:attachment":[{"href":"https:\/\/megafm.com.uy\/web\/wp-json\/wp\/v2\/media?parent=7363"}],"wp:term":[{"taxonomy":"category","embeddable":true,"href":"https:\/\/megafm.com.uy\/web\/wp-json\/wp\/v2\/categories?post=7363"},{"taxonomy":"post_tag","embeddable":true,"href":"https:\/\/megafm.com.uy\/web\/wp-json\/wp\/v2\/tags?post=7363"}],"curies":[{"name":"wp","href":"https:\/\/api.w.org\/{rel}","templated":true}]}}