{"id":7373,"date":"2026-05-01T08:34:01","date_gmt":"2026-05-01T11:34:01","guid":{"rendered":"https:\/\/megafm.com.uy\/web\/?p=7373"},"modified":"2026-05-01T08:34:01","modified_gmt":"2026-05-01T11:34:01","slug":"jorge-nasser-la-mistica-del-escenario-maestro-ruben-lena-y-el-vinculo-con-el-publico-del-interior-mega-fm-91-9-vergara-identidades-2026","status":"publish","type":"post","link":"https:\/\/megafm.com.uy\/web\/jorge-nasser-la-mistica-del-escenario-maestro-ruben-lena-y-el-vinculo-con-el-publico-del-interior-mega-fm-91-9-vergara-identidades-2026\/","title":{"rendered":"Jorge Nasser &#8211; La m\u00edstica del escenario \u00abMaestro Rub\u00e9n Lena\u00bb y el v\u00ednculo con el p\u00fablico del interior &#8211; Mega FM 91.9 Vergara &#8211; Identidades 2026"},"content":{"rendered":"<p><img loading=\"lazy\" decoding=\"async\" class=\"size-medium wp-image-7374 alignleft\" src=\"https:\/\/megafm.com.uy\/web\/wp-content\/uploads\/2026\/05\/jorge-nasser-300x193.png\" alt=\"\" width=\"300\" height=\"193\" srcset=\"https:\/\/megafm.com.uy\/web\/wp-content\/uploads\/2026\/05\/jorge-nasser-300x193.png 300w, https:\/\/megafm.com.uy\/web\/wp-content\/uploads\/2026\/05\/jorge-nasser-768x494.png 768w, https:\/\/megafm.com.uy\/web\/wp-content\/uploads\/2026\/05\/jorge-nasser.png 994w\" sizes=\"auto, (max-width: 300px) 100vw, 300px\" \/><\/p>\n<p>La sexta entrega del ciclo \u00abIdentidades\u00bb explora la convergencia entre el rock y la m\u00fasica de ra\u00edz en la figura de Jorge Nasser. El programa destaca su rol fundamental en la \u00abmilonga urbana\u00bb y su capacidad para unir a diferentes generaciones de uruguayos a trav\u00e9s de una identidad sonora fronteriza y profundamente montevideana.<\/p>\n<h3><\/h3>\n<h3><u>Perfil del Artista y Trayectoria<\/u><\/h3>\n<ul>\n<li>Protagonista: Jorge Nasser.<\/li>\n<li>Rese\u00f1a: M\u00fasico, compositor y productor uruguayo. Exl\u00edder de la emblem\u00e1tica banda N\u00edquel, Nasser ha sabido reinventarse como un referente del folclore y la milonga contempor\u00e1nea.<\/li>\n<li>Hito Destacado: Se subray\u00f3 su labor en la dignificaci\u00f3n de la milonga como g\u00e9nero popular y masivo, logrando que el p\u00fablico joven conecte con las ra\u00edces criollas sin perder la energ\u00eda del rock.<\/li>\n<\/ul>\n<p>&nbsp;<\/p>\n<h3><u>Entrevista Exclusiva \u2013 Festival del Olimar 2026<\/u><\/h3>\n<ul>\n<li>Tem\u00e1tica: La m\u00edstica del escenario \u00abMaestro Rub\u00e9n Lena\u00bb y el v\u00ednculo con el p\u00fablico del interior.<\/li>\n<li>Notas del informe: Entrevista realizada tras su presentaci\u00f3n en el festival. Nasser define el escenario del Olimar como un espacio de \u00abconsagraci\u00f3n permanente\u00bb.<\/li>\n<li>Reflexi\u00f3n destacada: El artista comparti\u00f3 su emoci\u00f3n por regresar a Treinta y Tres, destacando que el festival es un term\u00f3metro vital para la m\u00fasica nacional. Mencion\u00f3 que el contacto con el r\u00edo y la gente del departamento renueva su compromiso con la composici\u00f3n de \u00abcanciones con suelo\u00bb.<\/li>\n<\/ul>\n<p>&nbsp;<\/p>\n<h3><u>Impacto Educativo y Cultural<\/u><\/h3>\n<ul>\n<li>Identidad en Movimiento: El segmento analiz\u00f3 c\u00f3mo la obra de Nasser sirve de material de estudio para comprender la transici\u00f3n cultural de Uruguay post-dictadura, desde el rock combativo hasta la introspecci\u00f3n de la milonga.<\/li>\n<li>Conexi\u00f3n Local: Se destac\u00f3 la relevancia de su m\u00fasica en la programaci\u00f3n de Mega FM 91.9, fortaleciendo el sentido de pertenencia de la audiencia de Vergara y el departamento de Treinta y Tres.<\/li>\n<\/ul>\n<h3>Conclusi\u00f3n de la Jornada<\/h3>\n<p>El programa reafirm\u00f3 que la identidad nacional no es est\u00e1tica, sino una mezcla de influencias. La presencia de Nasser en el Festival del Olimar documentada para este ciclo radial, aporta un testimonio esencial sobre la evoluci\u00f3n de nuestra m\u00fasica popular y su vigencia en el a\u00f1o 2026<\/p>\n<p>&nbsp;<\/p>\n<hr \/>\n<div class=\"lyte-wrapper fourthree\" style=\"width:420px;max-width:100%;margin:5px;\"><div class=\"lyMe\" id=\"WYL_O9uX8BquB80\"><div id=\"lyte_O9uX8BquB80\" data-src=\"\/\/i.ytimg.com\/vi\/O9uX8BquB80\/hqdefault.jpg\" class=\"pL\"><div class=\"tC\"><div class=\"tT\"><\/div><\/div><div class=\"play\"><\/div><div class=\"ctrl\"><div class=\"Lctrl\"><\/div><div class=\"Rctrl\"><\/div><\/div><\/div><noscript><a href=\"https:\/\/youtu.be\/O9uX8BquB80\" rel=\"nofollow\"><img loading=\"lazy\" decoding=\"async\" src=\"https:\/\/i.ytimg.com\/vi\/O9uX8BquB80\/0.jpg\" alt=\"YouTube video thumbnail\" width=\"420\" height=\"295\" \/><br \/>Ver este v\u00eddeo en YouTube<\/a><\/noscript><\/div><\/div><div class=\"lL\" style=\"max-width:100%;width:420px;margin:5px;\"><\/div>\n","protected":false},"excerpt":{"rendered":"<p>La sexta entrega del ciclo \u00abIdentidades\u00bb explora la convergencia entre el rock y la m\u00fasica de ra\u00edz en la figura de Jorge Nasser. El programa destaca su rol fundamental en la \u00abmilonga urbana\u00bb y su capacidad para unir a diferentes generaciones de uruguayos a trav\u00e9s de una identidad sonora fronteriza y profundamente montevideana. Perfil del [&hellip;]<\/p>\n","protected":false},"author":1,"featured_media":7374,"comment_status":"open","ping_status":"open","sticky":false,"template":"","format":"standard","meta":{"pagelayer_contact_templates":[],"_pagelayer_content":"","footnotes":""},"categories":[162],"tags":[],"class_list":["post-7373","post","type-post","status-publish","format-standard","has-post-thumbnail","hentry","category-identidades-musical"],"_links":{"self":[{"href":"https:\/\/megafm.com.uy\/web\/wp-json\/wp\/v2\/posts\/7373","targetHints":{"allow":["GET"]}}],"collection":[{"href":"https:\/\/megafm.com.uy\/web\/wp-json\/wp\/v2\/posts"}],"about":[{"href":"https:\/\/megafm.com.uy\/web\/wp-json\/wp\/v2\/types\/post"}],"author":[{"embeddable":true,"href":"https:\/\/megafm.com.uy\/web\/wp-json\/wp\/v2\/users\/1"}],"replies":[{"embeddable":true,"href":"https:\/\/megafm.com.uy\/web\/wp-json\/wp\/v2\/comments?post=7373"}],"version-history":[{"count":1,"href":"https:\/\/megafm.com.uy\/web\/wp-json\/wp\/v2\/posts\/7373\/revisions"}],"predecessor-version":[{"id":7375,"href":"https:\/\/megafm.com.uy\/web\/wp-json\/wp\/v2\/posts\/7373\/revisions\/7375"}],"wp:featuredmedia":[{"embeddable":true,"href":"https:\/\/megafm.com.uy\/web\/wp-json\/wp\/v2\/media\/7374"}],"wp:attachment":[{"href":"https:\/\/megafm.com.uy\/web\/wp-json\/wp\/v2\/media?parent=7373"}],"wp:term":[{"taxonomy":"category","embeddable":true,"href":"https:\/\/megafm.com.uy\/web\/wp-json\/wp\/v2\/categories?post=7373"},{"taxonomy":"post_tag","embeddable":true,"href":"https:\/\/megafm.com.uy\/web\/wp-json\/wp\/v2\/tags?post=7373"}],"curies":[{"name":"wp","href":"https:\/\/api.w.org\/{rel}","templated":true}]}}