{"id":7376,"date":"2026-05-02T15:31:15","date_gmt":"2026-05-02T18:31:15","guid":{"rendered":"https:\/\/megafm.com.uy\/web\/?p=7376"},"modified":"2026-05-02T15:31:15","modified_gmt":"2026-05-02T18:31:15","slug":"doctora-laura-cuadrado-dia-del-trabajador-rural-mega-fm-91-9-vergara-identidades-2026","status":"publish","type":"post","link":"https:\/\/megafm.com.uy\/web\/doctora-laura-cuadrado-dia-del-trabajador-rural-mega-fm-91-9-vergara-identidades-2026\/","title":{"rendered":"Doctora Laura Cuadrado &#8211; dia del trabajador rural &#8211; Mega FM 91.9 Vergara &#8211; Identidades 2026"},"content":{"rendered":"<p><img loading=\"lazy\" decoding=\"async\" class=\"size-medium wp-image-7377 alignleft\" src=\"https:\/\/megafm.com.uy\/web\/wp-content\/uploads\/2026\/05\/laura-cuadrado-300x147.png\" alt=\"\" width=\"300\" height=\"147\" srcset=\"https:\/\/megafm.com.uy\/web\/wp-content\/uploads\/2026\/05\/laura-cuadrado-300x147.png 300w, https:\/\/megafm.com.uy\/web\/wp-content\/uploads\/2026\/05\/laura-cuadrado-1024x500.png 1024w, https:\/\/megafm.com.uy\/web\/wp-content\/uploads\/2026\/05\/laura-cuadrado-768x375.png 768w, https:\/\/megafm.com.uy\/web\/wp-content\/uploads\/2026\/05\/laura-cuadrado.png 1406w\" sizes=\"auto, (max-width: 300px) 100vw, 300px\" \/><\/p>\n<p>&nbsp;<\/p>\n<p>Se subray\u00f3 la necesidad de equidad y de reducir la brecha de g\u00e9nero en el entorno rural, donde el trabajo de la mujer suele ser menos reconocido.<\/p>\n<p>&nbsp;<\/p>\n<p>&nbsp;<\/p>\n<p>&nbsp;<\/p>\n<hr \/>\n<div class=\"lyte-wrapper fourthree\" style=\"width:420px;max-width:100%;margin:5px;\"><div class=\"lyMe\" id=\"WYL_FX-STNvwrxQ\"><div id=\"lyte_FX-STNvwrxQ\" data-src=\"\/\/i.ytimg.com\/vi\/FX-STNvwrxQ\/hqdefault.jpg\" class=\"pL\"><div class=\"tC\"><div class=\"tT\"><\/div><\/div><div class=\"play\"><\/div><div class=\"ctrl\"><div class=\"Lctrl\"><\/div><div class=\"Rctrl\"><\/div><\/div><\/div><noscript><a href=\"https:\/\/youtu.be\/FX-STNvwrxQ\" rel=\"nofollow\"><img loading=\"lazy\" decoding=\"async\" src=\"https:\/\/i.ytimg.com\/vi\/FX-STNvwrxQ\/0.jpg\" alt=\"YouTube video thumbnail\" width=\"420\" height=\"295\" \/><br \/>Ver este v\u00eddeo en YouTube<\/a><\/noscript><\/div><\/div><div class=\"lL\" style=\"max-width:100%;width:420px;margin:5px;\"><\/div>\n","protected":false},"excerpt":{"rendered":"<p>&nbsp; Se subray\u00f3 la necesidad de equidad y de reducir la brecha de g\u00e9nero en el entorno rural, donde el trabajo de la mujer suele ser menos reconocido. &nbsp; &nbsp; &nbsp; Ver este v\u00eddeo en YouTube<\/p>\n","protected":false},"author":1,"featured_media":7377,"comment_status":"open","ping_status":"open","sticky":false,"template":"","format":"standard","meta":{"pagelayer_contact_templates":[],"_pagelayer_content":"","footnotes":""},"categories":[161],"tags":[],"class_list":["post-7376","post","type-post","status-publish","format-standard","has-post-thumbnail","hentry","category-identidades-socio-cultural"],"_links":{"self":[{"href":"https:\/\/megafm.com.uy\/web\/wp-json\/wp\/v2\/posts\/7376","targetHints":{"allow":["GET"]}}],"collection":[{"href":"https:\/\/megafm.com.uy\/web\/wp-json\/wp\/v2\/posts"}],"about":[{"href":"https:\/\/megafm.com.uy\/web\/wp-json\/wp\/v2\/types\/post"}],"author":[{"embeddable":true,"href":"https:\/\/megafm.com.uy\/web\/wp-json\/wp\/v2\/users\/1"}],"replies":[{"embeddable":true,"href":"https:\/\/megafm.com.uy\/web\/wp-json\/wp\/v2\/comments?post=7376"}],"version-history":[{"count":1,"href":"https:\/\/megafm.com.uy\/web\/wp-json\/wp\/v2\/posts\/7376\/revisions"}],"predecessor-version":[{"id":7378,"href":"https:\/\/megafm.com.uy\/web\/wp-json\/wp\/v2\/posts\/7376\/revisions\/7378"}],"wp:featuredmedia":[{"embeddable":true,"href":"https:\/\/megafm.com.uy\/web\/wp-json\/wp\/v2\/media\/7377"}],"wp:attachment":[{"href":"https:\/\/megafm.com.uy\/web\/wp-json\/wp\/v2\/media?parent=7376"}],"wp:term":[{"taxonomy":"category","embeddable":true,"href":"https:\/\/megafm.com.uy\/web\/wp-json\/wp\/v2\/categories?post=7376"},{"taxonomy":"post_tag","embeddable":true,"href":"https:\/\/megafm.com.uy\/web\/wp-json\/wp\/v2\/tags?post=7376"}],"curies":[{"name":"wp","href":"https:\/\/api.w.org\/{rel}","templated":true}]}}